[{"@context":"https:\/\/schema.org\/","@type":"Article","@id":"https:\/\/www.tranquillo.cz\/zahrada-je-mnohem-vic-nez-prace\/#Article","mainEntityOfPage":"https:\/\/www.tranquillo.cz\/zahrada-je-mnohem-vic-nez-prace\/","headline":"Zahrada je mnohem v\u00edc, ne\u017e pr\u00e1ce","name":"Zahrada je mnohem v\u00edc, ne\u017e pr\u00e1ce","description":"Ka\u017ed\u00fd milovn\u00edk zahradni\u010den\u00ed se jist\u011b nem\u016f\u017ee do\u010dkat prvn\u00edch jarn\u00edch dn\u00ed, kdy kone\u010dn\u011b bude moct vyrazit na svou milovanou zahr\u00e1dku. Zahradni\u010den\u00ed m\u00e1 v\u00a0posledn\u00edch letech v\u00a0oblib\u011b \u010d\u00edm d\u00e1l t\u00edm v\u00edce lid\u00ed. Po zim\u011b je pot\u0159eba zkontrolovat, jestli v\u00e1m n\u00e1hodou je\u0161t\u011b nez\u016fstala n\u011bjak\u00e1 ta sem\u00ednka od lo\u0148sk\u00e9ho roku. Je pot\u0159eba se tak\u00e9 za\u010d\u00edt pomalu ale jist\u011b p\u0159ipravovat na [&hellip;]","datePublished":"2019-02-25","dateModified":"2019-02-25","author":{"@type":"Person","@id":"https:\/\/www.tranquillo.cz\/author\/#Person","name":"","url":"https:\/\/www.tranquillo.cz\/author\/","identifier":1,"image":{"@type":"ImageObject","@id":"https:\/\/secure.gravatar.com\/avatar\/5667bceccdce92893bac6a7981a373152a8b3fa0ab99c198ba0ac0b49a934248?s=96&d=mm&r=g","url":"https:\/\/secure.gravatar.com\/avatar\/5667bceccdce92893bac6a7981a373152a8b3fa0ab99c198ba0ac0b49a934248?s=96&d=mm&r=g","height":96,"width":96}},"publisher":{"@type":"Organization","name":"tranquillo.cz","logo":{"@type":"ImageObject","@id":"\/logo.png","url":"\/logo.png","width":600,"height":60}},"image":{"@type":"ImageObject","@id":"https:\/\/www.tranquillo.cz\/wp-content\/uploads\/img_a337872_w1779_t1550766313.jpg","url":"https:\/\/www.tranquillo.cz\/wp-content\/uploads\/img_a337872_w1779_t1550766313.jpg","height":0,"width":0},"url":"https:\/\/www.tranquillo.cz\/zahrada-je-mnohem-vic-nez-prace\/","wordCount":478,"articleBody":"Ka\u017ed\u00fd milovn\u00edk zahradni\u010den\u00ed se jist\u011b nem\u016f\u017ee do\u010dkat prvn\u00edch jarn\u00edch dn\u00ed, kdy kone\u010dn\u011b bude moct vyrazit na svou milovanou zahr\u00e1dku. Zahradni\u010den\u00ed m\u00e1 v\u00a0posledn\u00edch letech v\u00a0oblib\u011b \u010d\u00edm d\u00e1l t\u00edm v\u00edce lid\u00ed.Po zim\u011b je pot\u0159eba zkontrolovat, jestli v\u00e1m n\u00e1hodou je\u0161t\u011b nez\u016fstala n\u011bjak\u00e1 ta sem\u00ednka od lo\u0148sk\u00e9ho roku. Je pot\u0159eba se tak\u00e9 za\u010d\u00edt pomalu ale jist\u011b p\u0159ipravovat na r\u016fzn\u00e9 kv\u011btiny a ud\u011blat si v\u00a0hlav\u011b projekt, jak by v\u0161e m\u011blo nebo nem\u011blo vypadat. Mo\u017en\u00e1 by v\u00e1m k\u00a0projektu mohl pomoct i pap\u00edr a tu\u017eka. Jedn\u00e1 se hlavn\u011b o rozm\u00edst\u011bn\u00ed v\u0161elijak\u00fdch z\u00e1honk\u016f, sadb\u011b ke\u0159\u016f nebo m\u00edsta pro va\u0161e mazl\u00ed\u010dky.Prvn\u00ed jarn\u00ed paprsky za\u010d\u00ednaj\u00ed signalizovat to, \u017ee se za malou chv\u00edli p\u0159esuneme pod \u0161ir\u00e9 nebe a ji\u017e nebudeme muset tr\u00e1vit \u010das v\u00a0uzav\u0159en\u00e9m prostoru na gau\u010di a u televize. Pobyt na slun\u00ed\u010dku a relaxace v\u00a0p\u0159\u00edrod\u011b poskytuje ten nejv\u00edce relaxa\u010dn\u00ed odpo\u010dinek ze v\u0161ech.Kdo m\u00e1 zahr\u00e1dku, b\u0159ezen jej jist\u011b doma neudr\u017e\u00ed. Ka\u017ed\u00fd zahradn\u00edk v\u00a0b\u0159eznu vych\u00e1z\u00ed na obch\u016fzku a pl\u00e1nuje, co kdy a kde bude m\u00edt, jak se o to bude starat apod. Je d\u016fle\u017eit\u00e9 ale pamatovat i na to, \u017ee nejen z\u00e1honky, kter\u00e9 jsou vybudov\u00e1ny nov\u011b, zasluhuj\u00ed pozornost. Jestli\u017ee jste na podzim za\u010dali s\u00e1zet \u010desnek a cibuli, pak je t\u0159eba se pod\u00edvat, co s\u00a0nimi zima provedla. Je pot\u0159eba za\u010d\u00edt o\u0161et\u0159ovat i stromy, ke\u0159e, jahody apod.Zima jist\u011b vytvo\u0159ila zk\u00e1zu i na n\u011bkter\u00fdch stromc\u00edch. Jist\u011b na nich zanechala \u0161r\u00e1my a jizvy, kter\u00fdm se jin\u00fdm slovem \u0159\u00edk\u00e1 pukliny. Pr\u00e1v\u011b te\u010f je ten vhodn\u00fd \u010das stromek pot\u011b\u0161it a pohladit r\u00e1ny voskem nebo balz\u00e1mem, kter\u00e9 jsou pro vy\u0159e\u0161en\u00ed t\u011bchto probl\u00e9m\u016f naprosto vhodn\u00e9. Je \u010das ukon\u010dit \u0159ez jablon\u00ed a hru\u0161n\u00ed a je spr\u00e1vn\u00fd \u010das na to, abyste za\u010dali tvarovat v\u011btve podle va\u0161ich p\u0159edstav.Je ur\u010dit\u011b t\u0159eba okolo ovocn\u00fdch strom\u016f za\u010d\u00edt d\u011blat po\u0159\u00e1dek a p\u016fdu provzdu\u0161nit. Nezapome\u0148te na okop\u00e1n\u00ed, odstran\u011bn\u00ed plevele nebo pohnojen\u00ed. V\u011b\u0159te, \u017ee za tuto p\u00e9\u010di se v\u00e1m stromy odm\u011bn\u00ed p\u0159ekr\u00e1sn\u00fdm a hlavn\u011b chutn\u00fdm ovocem. Ur\u010dit\u011b nesm\u00edte zapomenout ani na maliny a ostru\u017einy, kter\u00e9 pot\u0159ebuj\u00ed prosv\u011btlit a odstranit odrozen\u00e9 v\u00fdhonky. Pr\u00e1ce je opravdu mnoho, tak\u017ee je pot\u0159eba si ji \u0159\u00e1dn\u011b rozvrhnout, abyste v\u0161e stihli, dokud je je\u0161t\u011b \u010das.                                                                                                                                                                                                                                                                                                                                                                                        5\/5 - (2 votes)        "},{"@context":"https:\/\/schema.org\/","@type":"BreadcrumbList","itemListElement":[{"@type":"ListItem","position":1,"name":"Zahrada je mnohem v\u00edc, ne\u017e pr\u00e1ce","item":"https:\/\/www.tranquillo.cz\/zahrada-je-mnohem-vic-nez-prace\/#breadcrumbitem"}]}]