[{"@context":"https:\/\/schema.org\/","@type":"Article","@id":"https:\/\/www.tranquillo.cz\/umelecke-betonarstvi\/#Article","mainEntityOfPage":"https:\/\/www.tranquillo.cz\/umelecke-betonarstvi\/","headline":"Um\u011bleck\u00e9 beton\u00e1\u0159stv\u00ed","name":"Um\u011bleck\u00e9 beton\u00e1\u0159stv\u00ed","description":"Jsme sv\u011bdky st\u00e1le nov\u00fdch obor\u016f, kter\u00e9 vznikaj\u00ed p\u0159ev\u00e1\u017en\u011b v souvislosti s technologiemi. Ani dekorace ale nez\u016fst\u00e1vaj\u00ed pozadu a p\u0159edstavuj\u00ed zcela nov\u00fd obor: um\u011bleck\u00e9 beton\u00e1\u0159stv\u00ed. Zat\u00edmco u v\u00fdrobk\u016f z keramiky, kov\u016f \u010di plast\u016f u\u017e se nikdo nepozastav\u00ed, um\u011blci tvo\u0159\u00edc\u00ed z betonu u\u017e tak obvykl\u00ed nejsou. A je to velk\u00e1 \u0161koda. Jedn\u00e1 se toti\u017e o skv\u011bl\u00fd materi\u00e1l, [&hellip;]","datePublished":"2019-12-24","dateModified":"2024-04-02","author":{"@type":"Person","@id":"https:\/\/www.tranquillo.cz\/author\/#Person","name":"","url":"https:\/\/www.tranquillo.cz\/author\/","identifier":1,"image":{"@type":"ImageObject","@id":"https:\/\/secure.gravatar.com\/avatar\/5667bceccdce92893bac6a7981a373152a8b3fa0ab99c198ba0ac0b49a934248?s=96&d=mm&r=g","url":"https:\/\/secure.gravatar.com\/avatar\/5667bceccdce92893bac6a7981a373152a8b3fa0ab99c198ba0ac0b49a934248?s=96&d=mm&r=g","height":96,"width":96}},"publisher":{"@type":"Organization","name":"tranquillo.cz","logo":{"@type":"ImageObject","@id":"\/logo.png","url":"\/logo.png","width":600,"height":60}},"image":{"@type":"ImageObject","@id":"https:\/\/www.tranquillo.cz\/wp-content\/uploads\/img_a372041_w1723_t1583404045.jpg","url":"https:\/\/www.tranquillo.cz\/wp-content\/uploads\/img_a372041_w1723_t1583404045.jpg","height":0,"width":0},"url":"https:\/\/www.tranquillo.cz\/umelecke-betonarstvi\/","about":["Mu\u017ei"],"wordCount":391,"articleBody":"          Jsme sv\u011bdky st\u00e1le nov\u00fdch obor\u016f, kter\u00e9 vznikaj\u00ed p\u0159ev\u00e1\u017en\u011b v souvislosti s technologiemi. Ani dekorace ale nez\u016fst\u00e1vaj\u00ed pozadu a p\u0159edstavuj\u00ed zcela nov\u00fd obor: um\u011bleck\u00e9 beton\u00e1\u0159stv\u00ed. Zat\u00edmco u v\u00fdrobk\u016f z keramiky, kov\u016f \u010di plast\u016f u\u017e se nikdo nepozastav\u00ed, um\u011blci tvo\u0159\u00edc\u00ed z betonu u\u017e tak obvykl\u00ed nejsou. A je to velk\u00e1 \u0161koda. Jedn\u00e1 se toti\u017e o skv\u011bl\u00fd materi\u00e1l, kter\u00fd hodn\u011b vydr\u017e\u00ed a skv\u011ble p\u0159itom vypad\u00e1. Takov\u00e1 um\u011bleck\u00e1 d\u00edla ud\u011blaj\u00ed radost nejednomu nov\u00e9mu majiteli. Um\u011bleck\u00e9 beton\u00e1\u0159stv\u00ed Aspo\u0148 Tohle vyr\u00e1b\u00ed origin\u00e1ln\u00ed kousky vhodn\u00e9 do interi\u00e9ru ka\u017ed\u00e9ho modern\u00edho domova. Volit mohou z mnoha typ\u016f. Jedn\u00e1 se o neot\u0159el\u00e9 dopl\u0148ky, kter\u00e9 rozhodn\u011b nezklamou. Vyb\u00edrat lze z betonov\u00fdch m\u00eds, lustr\u016f, v\u00e1z \u010di jin\u00fdch n\u00e1dob a vlastn\u011b v\u0161eho, co si jen dok\u00e1\u017eete z tohoto materi\u00e1lu p\u0159edstavit. Za vznikem tohoto nov\u00e9ho oboru u n\u00e1s nestoj\u00ed nikdo jin\u00fd, ne\u017e dvojice mlad\u00fdch lid\u00ed pln\u00fdch ide\u00e1l\u016f a skv\u011bl\u00fdch n\u00e1pad\u016f, kte\u0159\u00ed si po \u0161kole nev\u00e1hali zalo\u017eit podnik v\u011bnuj\u00edc\u00ed se n\u011b\u010demu jin\u00e9mu ne\u017e ostatn\u00ed. A pr\u00e1v\u011b to z nich d\u011bl\u00e1 n\u011bco neoby\u010dejn\u00e9ho. A tato nev\u0161ednost jim z\u00e1rove\u0148 d\u011bl\u00e1 reklamu. Beton jako materi\u00e1l znaj\u00ed hlavn\u011b stavba\u0159i. Jedn\u00e1 se ale o perfektn\u00ed materi\u00e1l tak\u00e9 vzhledov\u011b, proto n\u00e1pad um\u011bleck\u00e9 tvorby nadchnul nejen zakladatele firmy, ale tak\u00e9 investory. A jak\u00e9 jsou tedy jeho skv\u011bl\u00e9 vlastnosti? M\u016f\u017ee zaujmout jak\u00fdkoliv tvar \u010di barvu. Je velice trvanliv\u00fd a pevn\u00fd. Je levn\u011bj\u0161\u00ed ne\u017e mnoh\u00e9 jin\u00e9 dekora\u010dn\u00ed materi\u00e1ly. Jedn\u00e1 se o nov\u00fd trend, kter\u00fd je origin\u00e1ln\u00ed a neot\u0159el\u00fd. Hod\u00ed se do interi\u00e9ru i exteri\u00e9ru. Sami sebe tv\u016frci z um\u011bleck\u00e9ho beton\u00e1\u0159stv\u00ed Aspo\u0148 Tohle ozna\u010duj\u00ed za nad\u0161ence, kte\u0159\u00ed v touze d\u011blat to, co je bav\u00ed, vytvo\u0159ili origin\u00e1ln\u00ed podnik. Stalo se tak v \u010dervenci roku 2018, od t\u00e9 doby se st\u00e1vaj\u00ed st\u00e1le v\u00edce obl\u00edben\u00fdm oborem. Zkombinovali socha\u0159sk\u00e9 postupy s designem modern\u00ed doby, aby tak vytvo\u0159ili skute\u010dn\u011b kr\u00e1sn\u00e9 v\u00fdrobky, slou\u017e\u00edc\u00ed nejen k okrase, ale nesouc\u00ed tak\u00e9 funk\u010dn\u00ed vlastnosti.                                                                                                                                                                                                                                                                                                                                                                                          4.2\/5 - (8 votes)        "},{"@context":"https:\/\/schema.org\/","@type":"BreadcrumbList","itemListElement":[{"@type":"ListItem","position":1,"name":"Um\u011bleck\u00e9 beton\u00e1\u0159stv\u00ed","item":"https:\/\/www.tranquillo.cz\/umelecke-betonarstvi\/#breadcrumbitem"}]}]