[{"@context":"https:\/\/schema.org\/","@type":"Article","@id":"https:\/\/www.tranquillo.cz\/squatting-jako-kontroverzni-zivotni-styl\/#Article","mainEntityOfPage":"https:\/\/www.tranquillo.cz\/squatting-jako-kontroverzni-zivotni-styl\/","headline":"Squatting jako kontroverzn\u00ed \u017eivotn\u00ed styl","name":"Squatting jako kontroverzn\u00ed \u017eivotn\u00ed styl","description":"\u00b7\u00a0\u00a0\u00a0\u00a0\u00a0\u00a0\u00a0\u00a0 Se \u201esquattingem\u201c se lze tak\u00e9 setkat pod \u010desk\u00fdm pojmem \u201eskvoterstv\u00ed\u201c. \u00b7\u00a0\u00a0\u00a0\u00a0\u00a0\u00a0\u00a0\u00a0 Jde o obsazen\u00ed opu\u0161t\u011bn\u00e9 budovy bez p\u0159edchoz\u00edho ujedn\u00e1n\u00ed s\u00a0majitelem. \u00b7\u00a0\u00a0\u00a0\u00a0\u00a0\u00a0\u00a0\u00a0 Ve v\u011bt\u0161in\u011b zem\u00ed v\u010detn\u011b \u010cesk\u00e9 republiky se jedn\u00e1 o ileg\u00e1ln\u00ed \u010dinnost. \u00b7\u00a0\u00a0\u00a0\u00a0\u00a0\u00a0\u00a0\u00a0 Prostor je obsazen za \u00fa\u010delem \u017eit\u00ed, kon\u00e1n\u00ed spole\u010densk\u00fdch ud\u00e1lost\u00ed, po\u0159\u00e1d\u00e1n\u00ed politick\u00fdch odpor\u016f. \u00a0 Kdo je squatter? \u00b7\u00a0\u00a0\u00a0\u00a0\u00a0\u00a0\u00a0\u00a0 \u201eSquatter\u201c, nebo tak\u00e9 \u201eskvotr\u201c, [&hellip;]","datePublished":"2023-05-22","dateModified":"2023-05-22","author":{"@type":"Person","@id":"https:\/\/www.tranquillo.cz\/author\/#Person","name":"","url":"https:\/\/www.tranquillo.cz\/author\/","identifier":1,"image":{"@type":"ImageObject","@id":"https:\/\/secure.gravatar.com\/avatar\/5667bceccdce92893bac6a7981a373152a8b3fa0ab99c198ba0ac0b49a934248?s=96&d=mm&r=g","url":"https:\/\/secure.gravatar.com\/avatar\/5667bceccdce92893bac6a7981a373152a8b3fa0ab99c198ba0ac0b49a934248?s=96&d=mm&r=g","height":96,"width":96}},"publisher":{"@type":"Organization","name":"tranquillo.cz","logo":{"@type":"ImageObject","@id":"\/logo.png","url":"\/logo.png","width":600,"height":60}},"image":{"@type":"ImageObject","@id":"https:\/\/www.tranquillo.cz\/wp-content\/uploads\/img_a303056_w1975_t1513152743.jpg","url":"https:\/\/www.tranquillo.cz\/wp-content\/uploads\/img_a303056_w1975_t1513152743.jpg","height":0,"width":0},"url":"https:\/\/www.tranquillo.cz\/squatting-jako-kontroverzni-zivotni-styl\/","wordCount":368,"articleBody":"\u00b7\u00a0\u00a0\u00a0\u00a0\u00a0\u00a0\u00a0\u00a0 Se \u201esquattingem\u201c se lze tak\u00e9 setkat pod \u010desk\u00fdm pojmem \u201eskvoterstv\u00ed\u201c.\u00b7\u00a0\u00a0\u00a0\u00a0\u00a0\u00a0\u00a0\u00a0 Jde o obsazen\u00ed opu\u0161t\u011bn\u00e9 budovy bez p\u0159edchoz\u00edho ujedn\u00e1n\u00ed s\u00a0majitelem.\u00b7\u00a0\u00a0\u00a0\u00a0\u00a0\u00a0\u00a0\u00a0 Ve v\u011bt\u0161in\u011b zem\u00ed v\u010detn\u011b \u010cesk\u00e9 republiky se jedn\u00e1 o ileg\u00e1ln\u00ed \u010dinnost.\u00b7\u00a0\u00a0\u00a0\u00a0\u00a0\u00a0\u00a0\u00a0 Prostor je obsazen za \u00fa\u010delem \u017eit\u00ed, kon\u00e1n\u00ed spole\u010densk\u00fdch ud\u00e1lost\u00ed, po\u0159\u00e1d\u00e1n\u00ed politick\u00fdch odpor\u016f.\u00a0\tKdo je squatter?\u00b7\u00a0\u00a0\u00a0\u00a0\u00a0\u00a0\u00a0\u00a0 \u201eSquatter\u201c, nebo tak\u00e9 \u201eskvotr\u201c, je \u010dlenem seskupen\u00ed, kter\u00e9 se \u00fa\u010dastn\u00ed obsazen\u00ed budovy.\u00b7\u00a0\u00a0\u00a0\u00a0\u00a0\u00a0\u00a0\u00a0 Jedn\u00e1 se o \u010dlov\u011bka bez domova, kter\u00fd se \u010dasto p\u0159ikl\u00e1n\u00ed k\u00a0levicov\u00e9mu anarchismu.\u00b7\u00a0\u00a0\u00a0\u00a0\u00a0\u00a0\u00a0\u00a0 Ve v\u011bt\u0161in\u011b p\u0159\u00edpad\u016f m\u00e1 sklony k\u00a0po\u017e\u00edv\u00e1n\u00ed n\u00e1vykov\u00fdch l\u00e1tek.\u00b7\u00a0\u00a0\u00a0\u00a0\u00a0\u00a0\u00a0\u00a0 Nem\u00e1 pot\u0159ebu soukrom\u00ed a sv\u016fj \u017eivotn\u00ed prostor sd\u00edl\u00ed s\u00a0ostatn\u00edmi \u010dleny skupiny.\u00a0\tCo je squat?\u00b7\u00a0\u00a0\u00a0\u00a0\u00a0\u00a0\u00a0\u00a0 \u201eSquat\u201c, jin\u00fdm slovem \u201eskvot\u201c, je m\u00edsto obsazen\u00e9 skupinou squatter\u016f.\u00b7\u00a0\u00a0\u00a0\u00a0\u00a0\u00a0\u00a0\u00a0 Obvykle se jedn\u00e1 o velk\u00e9 budovy ve m\u011bst\u011b.\u00b7\u00a0\u00a0\u00a0\u00a0\u00a0\u00a0\u00a0\u00a0 M\u00edsto je opu\u0161t\u011bn\u00e9, ve zch\u00e1tral\u00e9m, ale obyvateln\u00e9m stavu.\u00b7\u00a0\u00a0\u00a0\u00a0\u00a0\u00a0\u00a0\u00a0 Squatte\u0159i se o budovu nestaraj\u00ed a mnohdy ji opou\u0161t\u00ed v\u00a0hor\u0161\u00edm stavu, ne\u017e byla p\u0159ed jejich obsazen\u00edm.\u00b7\u00a0\u00a0\u00a0\u00a0\u00a0\u00a0\u00a0\u00a0 Pokud se squatte\u0159i dok\u00e1\u017eou o budovu postarat, mohou z\u00edskat dotace na jej\u00ed rekonstrukci.\u00a0\tVila Milada aneb Tady hl\u00edd\u00e1m j\u00e1!\u00b7\u00a0\u00a0\u00a0\u00a0\u00a0\u00a0\u00a0\u00a0 Mezi nejv\u011bt\u0161\u00ed squattersk\u00e9 kauzy v\u00a0\u010cesk\u00e9 republice pat\u0159\u00ed Vila Milada.\u00b7\u00a0\u00a0\u00a0\u00a0\u00a0\u00a0\u00a0\u00a0 Doch\u00e1zelo k\u00a0jej\u00edmu opakovan\u00e9mu obsazov\u00e1n\u00ed squattery, kte\u0159\u00ed zde cht\u011bli oslavit t\u0159\u00edlet\u00e9 v\u00fdro\u010d\u00ed od jej\u00edho opu\u0161t\u011bn\u00ed a upozornit na to, \u017ee budova z\u016fst\u00e1v\u00e1 i nad\u00e1le nevyu\u017eit\u00e1.\u00b7\u00a0\u00a0\u00a0\u00a0\u00a0\u00a0\u00a0\u00a0 M\u00edstn\u00ed obyvatel\u00e9 si st\u011b\u017eovali na hluk a nepo\u0159\u00e1dek v\u010detn\u011b lidsk\u00fdch a ps\u00edch v\u00fdkal\u016f.\u00b7\u00a0\u00a0\u00a0\u00a0\u00a0\u00a0\u00a0\u00a0 Vinou squatter\u016f vznikl na pozemku po\u017e\u00e1r, p\u0159i kter\u00e9m museli zasahovat hasi\u010di.\u00b7\u00a0\u00a0\u00a0\u00a0\u00a0\u00a0\u00a0\u00a0 V\u00a0budov\u011b bydlelo spolu se squattery i n\u011bkolik agresivn\u00edch ps\u016f, kte\u0159\u00ed opakovan\u011b ohro\u017eovali okol\u00ed. Mimo jin\u00e9 napadli po\u0161\u0165\u00e1ka a dokonce usmrtili n\u011bkolik zv\u00ed\u0159at v\u00a0tam\u011bj\u0161\u00ed zoologick\u00e9 zahrad\u011b.\u00a0\tVyhodit \u010di nechat?\u00b7\u00a0\u00a0\u00a0\u00a0\u00a0\u00a0\u00a0\u00a0 Squatting dodnes pat\u0159\u00ed mezi kontroverzn\u00ed t\u00e9mata.\u00b7\u00a0\u00a0\u00a0\u00a0\u00a0\u00a0\u00a0\u00a0 Ani politici nemaj\u00ed v\u00a0t\u00e9to oblasti jasno. Konkr\u00e9tn\u00edm p\u0159\u00edkladem je i Andrej Babi\u0161, kter\u00fd byl nejprve proti vyklizen\u00ed budovy Klinika a n\u00e1sledn\u011b oto\u010dil.                                                                                                                                                                                                                                                                                                                                                                                        4.1\/5 - (11 votes)        "},{"@context":"https:\/\/schema.org\/","@type":"BreadcrumbList","itemListElement":[{"@type":"ListItem","position":1,"name":"Squatting jako kontroverzn\u00ed \u017eivotn\u00ed styl","item":"https:\/\/www.tranquillo.cz\/squatting-jako-kontroverzni-zivotni-styl\/#breadcrumbitem"}]}]