[{"@context":"https:\/\/schema.org\/","@type":"Blog","@id":"https:\/\/www.tranquillo.cz#Blog","headline":"Tranquillo","description":"\nNeuspokojuje v\u00e1s velice n\u00edzk\u00e1 \u00farove\u0148 toho, co se na internetu nab\u00edz\u00ed? Potom zav\u00edtejte na n\u00e1\u0161 web, kter\u00fd si na sv\u00e9 vysok\u00e9 \u00farovni p\u0159\u00edmo zakl\u00e1d\u00e1.","url":"https:\/\/www.tranquillo.cz","hasPart":[{"@type":"Article","@id":"https:\/\/www.tranquillo.cz\/chrapani-uz-nikdy\/","headline":"Chr\u00e1p\u00e1n\u00ed? U\u017e nikdy!","url":"https:\/\/www.tranquillo.cz\/chrapani-uz-nikdy\/","datePublished":"2023-05-22","dateModified":"2023-05-22","mainEntityOfPage":"https:\/\/www.tranquillo.cz\/chrapani-uz-nikdy\/","author":{"@type":"Person","@id":"https:\/\/www.tranquillo.cz\/author\/#Person","name":"","url":"https:\/\/www.tranquillo.cz\/author\/","identifier":1,"image":{"@type":"ImageObject","@id":"https:\/\/secure.gravatar.com\/avatar\/5667bceccdce92893bac6a7981a373152a8b3fa0ab99c198ba0ac0b49a934248?s=96&d=mm&r=g","url":"https:\/\/secure.gravatar.com\/avatar\/5667bceccdce92893bac6a7981a373152a8b3fa0ab99c198ba0ac0b49a934248?s=96&d=mm&r=g","height":96,"width":96}},"publisher":{"@type":"Organization","name":"tranquillo.cz","logo":{"@type":"ImageObject","@id":"\/logo.png","url":"\/logo.png","width":600,"height":60}},"image":{"@type":"ImageObject","@id":"https:\/\/www.tranquillo.cz\/wp-content\/uploads\/img_a306351_w2039_t1517601996.jpg","url":"https:\/\/www.tranquillo.cz\/wp-content\/uploads\/img_a306351_w2039_t1517601996.jpg","height":0,"width":0},"wordCount":618,"keywords":null},{"@type":"Article","@id":"https:\/\/www.tranquillo.cz\/webove-stranky-ze-kterych-dycha-teplo-a-pohoda\/","headline":"Webov\u00e9 str\u00e1nky, ze kter\u00fdch d\u00fdch\u00e1 teplo a pohoda","url":"https:\/\/www.tranquillo.cz\/webove-stranky-ze-kterych-dycha-teplo-a-pohoda\/","datePublished":"2023-05-22","dateModified":"2023-05-22","mainEntityOfPage":"https:\/\/www.tranquillo.cz\/webove-stranky-ze-kterych-dycha-teplo-a-pohoda\/","author":{"@type":"Person","@id":"https:\/\/www.tranquillo.cz\/author\/#Person","name":"","url":"https:\/\/www.tranquillo.cz\/author\/","identifier":1,"image":{"@type":"ImageObject","@id":"https:\/\/secure.gravatar.com\/avatar\/5667bceccdce92893bac6a7981a373152a8b3fa0ab99c198ba0ac0b49a934248?s=96&d=mm&r=g","url":"https:\/\/secure.gravatar.com\/avatar\/5667bceccdce92893bac6a7981a373152a8b3fa0ab99c198ba0ac0b49a934248?s=96&d=mm&r=g","height":96,"width":96}},"publisher":{"@type":"Organization","name":"tranquillo.cz","logo":{"@type":"ImageObject","@id":"\/logo.png","url":"\/logo.png","width":600,"height":60}},"image":{"@type":"ImageObject","@id":"https:\/\/www.tranquillo.cz\/wp-content\/uploads\/img_a303419_w2180_t1513755561.jpg","url":"https:\/\/www.tranquillo.cz\/wp-content\/uploads\/img_a303419_w2180_t1513755561.jpg","height":0,"width":0},"wordCount":464,"keywords":null},{"@type":"Article","@id":"https:\/\/www.tranquillo.cz\/cesi-si-o-penezich-radi-vymysleji\/","headline":"\u010ce\u0161i si o pen\u011bz\u00edch r\u00e1di vym\u00fd\u0161lej\u00ed","url":"https:\/\/www.tranquillo.cz\/cesi-si-o-penezich-radi-vymysleji\/","datePublished":"2023-05-22","dateModified":"2023-05-22","mainEntityOfPage":"https:\/\/www.tranquillo.cz\/cesi-si-o-penezich-radi-vymysleji\/","author":{"@type":"Person","@id":"https:\/\/www.tranquillo.cz\/author\/#Person","name":"","url":"https:\/\/www.tranquillo.cz\/author\/","identifier":1,"image":{"@type":"ImageObject","@id":"https:\/\/secure.gravatar.com\/avatar\/5667bceccdce92893bac6a7981a373152a8b3fa0ab99c198ba0ac0b49a934248?s=96&d=mm&r=g","url":"https:\/\/secure.gravatar.com\/avatar\/5667bceccdce92893bac6a7981a373152a8b3fa0ab99c198ba0ac0b49a934248?s=96&d=mm&r=g","height":96,"width":96}},"publisher":{"@type":"Organization","name":"tranquillo.cz","logo":{"@type":"ImageObject","@id":"\/logo.png","url":"\/logo.png","width":600,"height":60}},"image":{"@type":"ImageObject","@id":"https:\/\/www.tranquillo.cz\/wp-content\/uploads\/img_a294639_w2165_t1506497268.jpg","url":"https:\/\/www.tranquillo.cz\/wp-content\/uploads\/img_a294639_w2165_t1506497268.jpg","height":0,"width":0},"wordCount":495,"keywords":null},{"@type":"Article","@id":"https:\/\/www.tranquillo.cz\/squatting-jako-kontroverzni-zivotni-styl\/","headline":"Squatting jako kontroverzn\u00ed \u017eivotn\u00ed styl","url":"https:\/\/www.tranquillo.cz\/squatting-jako-kontroverzni-zivotni-styl\/","datePublished":"2023-05-22","dateModified":"2023-05-22","mainEntityOfPage":"https:\/\/www.tranquillo.cz\/squatting-jako-kontroverzni-zivotni-styl\/","author":{"@type":"Person","@id":"https:\/\/www.tranquillo.cz\/author\/#Person","name":"","url":"https:\/\/www.tranquillo.cz\/author\/","identifier":1,"image":{"@type":"ImageObject","@id":"https:\/\/secure.gravatar.com\/avatar\/5667bceccdce92893bac6a7981a373152a8b3fa0ab99c198ba0ac0b49a934248?s=96&d=mm&r=g","url":"https:\/\/secure.gravatar.com\/avatar\/5667bceccdce92893bac6a7981a373152a8b3fa0ab99c198ba0ac0b49a934248?s=96&d=mm&r=g","height":96,"width":96}},"publisher":{"@type":"Organization","name":"tranquillo.cz","logo":{"@type":"ImageObject","@id":"\/logo.png","url":"\/logo.png","width":600,"height":60}},"image":{"@type":"ImageObject","@id":"https:\/\/www.tranquillo.cz\/wp-content\/uploads\/img_a303056_w1975_t1513152743.jpg","url":"https:\/\/www.tranquillo.cz\/wp-content\/uploads\/img_a303056_w1975_t1513152743.jpg","height":0,"width":0},"wordCount":514,"keywords":null},{"@type":"Article","@id":"https:\/\/www.tranquillo.cz\/ctihodna-a-vazena-kocka\/","headline":"Ctihodn\u00e1 a v\u00e1\u017een\u00e1 ko\u010dka","url":"https:\/\/www.tranquillo.cz\/ctihodna-a-vazena-kocka\/","datePublished":"2023-05-22","dateModified":"2023-05-22","mainEntityOfPage":"https:\/\/www.tranquillo.cz\/ctihodna-a-vazena-kocka\/","author":{"@type":"Person","@id":"https:\/\/www.tranquillo.cz\/author\/#Person","name":"","url":"https:\/\/www.tranquillo.cz\/author\/","identifier":1,"image":{"@type":"ImageObject","@id":"https:\/\/secure.gravatar.com\/avatar\/5667bceccdce92893bac6a7981a373152a8b3fa0ab99c198ba0ac0b49a934248?s=96&d=mm&r=g","url":"https:\/\/secure.gravatar.com\/avatar\/5667bceccdce92893bac6a7981a373152a8b3fa0ab99c198ba0ac0b49a934248?s=96&d=mm&r=g","height":96,"width":96}},"publisher":{"@type":"Organization","name":"tranquillo.cz","logo":{"@type":"ImageObject","@id":"\/logo.png","url":"\/logo.png","width":600,"height":60}},"image":{"@type":"ImageObject","@id":"https:\/\/www.tranquillo.cz\/wp-content\/uploads\/img_a290460_w2058_t1503087988.jpg","url":"https:\/\/www.tranquillo.cz\/wp-content\/uploads\/img_a290460_w2058_t1503087988.jpg","height":0,"width":0},"wordCount":543,"keywords":null},{"@type":"Article","@id":"https:\/\/www.tranquillo.cz\/co-by-zadna-zena-nemela-delat-pro-svou-lasku-k-muzi\/","headline":"Co by \u017e\u00e1dn\u00e1 \u017eena nem\u011bla d\u011blat pro svou l\u00e1sku k mu\u017ei","url":"https:\/\/www.tranquillo.cz\/co-by-zadna-zena-nemela-delat-pro-svou-lasku-k-muzi\/","datePublished":"2023-05-22","dateModified":"2023-05-22","mainEntityOfPage":"https:\/\/www.tranquillo.cz\/co-by-zadna-zena-nemela-delat-pro-svou-lasku-k-muzi\/","author":{"@type":"Person","@id":"https:\/\/www.tranquillo.cz\/author\/#Person","name":"","url":"https:\/\/www.tranquillo.cz\/author\/","identifier":1,"image":{"@type":"ImageObject","@id":"https:\/\/secure.gravatar.com\/avatar\/5667bceccdce92893bac6a7981a373152a8b3fa0ab99c198ba0ac0b49a934248?s=96&d=mm&r=g","url":"https:\/\/secure.gravatar.com\/avatar\/5667bceccdce92893bac6a7981a373152a8b3fa0ab99c198ba0ac0b49a934248?s=96&d=mm&r=g","height":96,"width":96}},"publisher":{"@type":"Organization","name":"tranquillo.cz","logo":{"@type":"ImageObject","@id":"\/logo.png","url":"\/logo.png","width":600,"height":60}},"image":{"@type":"ImageObject","@id":"https:\/\/www.tranquillo.cz\/wp-content\/uploads\/img_a288387_w2018_t1498751430.jpg","url":"https:\/\/www.tranquillo.cz\/wp-content\/uploads\/img_a288387_w2018_t1498751430.jpg","height":0,"width":0},"wordCount":464,"keywords":null},{"@type":"Article","@id":"https:\/\/www.tranquillo.cz\/medved-v-cechach\/","headline":"Medv\u011bd v \u010cech\u00e1ch","url":"https:\/\/www.tranquillo.cz\/medved-v-cechach\/","datePublished":"2023-05-22","dateModified":"2023-05-22","mainEntityOfPage":"https:\/\/www.tranquillo.cz\/medved-v-cechach\/","author":{"@type":"Person","@id":"https:\/\/www.tranquillo.cz\/author\/#Person","name":"","url":"https:\/\/www.tranquillo.cz\/author\/","identifier":1,"image":{"@type":"ImageObject","@id":"https:\/\/secure.gravatar.com\/avatar\/5667bceccdce92893bac6a7981a373152a8b3fa0ab99c198ba0ac0b49a934248?s=96&d=mm&r=g","url":"https:\/\/secure.gravatar.com\/avatar\/5667bceccdce92893bac6a7981a373152a8b3fa0ab99c198ba0ac0b49a934248?s=96&d=mm&r=g","height":96,"width":96}},"publisher":{"@type":"Organization","name":"tranquillo.cz","logo":{"@type":"ImageObject","@id":"\/logo.png","url":"\/logo.png","width":600,"height":60}},"image":null,"wordCount":440,"keywords":null},{"@type":"Article","@id":"https:\/\/www.tranquillo.cz\/jake-to-asi-je-skocit-z-okraje-sveta\/","headline":"Jak\u00e9 to asi je, sko\u010dit z okraje sv\u011bta?","url":"https:\/\/www.tranquillo.cz\/jake-to-asi-je-skocit-z-okraje-sveta\/","datePublished":"2023-05-22","dateModified":"2023-05-22","mainEntityOfPage":"https:\/\/www.tranquillo.cz\/jake-to-asi-je-skocit-z-okraje-sveta\/","author":{"@type":"Person","@id":"https:\/\/www.tranquillo.cz\/author\/#Person","name":"","url":"https:\/\/www.tranquillo.cz\/author\/","identifier":1,"image":{"@type":"ImageObject","@id":"https:\/\/secure.gravatar.com\/avatar\/5667bceccdce92893bac6a7981a373152a8b3fa0ab99c198ba0ac0b49a934248?s=96&d=mm&r=g","url":"https:\/\/secure.gravatar.com\/avatar\/5667bceccdce92893bac6a7981a373152a8b3fa0ab99c198ba0ac0b49a934248?s=96&d=mm&r=g","height":96,"width":96}},"publisher":{"@type":"Organization","name":"tranquillo.cz","logo":{"@type":"ImageObject","@id":"\/logo.png","url":"\/logo.png","width":600,"height":60}},"image":null,"wordCount":437,"keywords":null},{"@type":"Article","@id":"https:\/\/www.tranquillo.cz\/ukamenovani-upaleni-uvezneni-za-sortky-moderni-stredovek\/","headline":"Ukamenov\u00e1n\u00ed, up\u00e1len\u00ed, uv\u011bzn\u011bn\u00ed za \u0161ortky\u2026\u2026 Modern\u00ed st\u0159edov\u011bk","url":"https:\/\/www.tranquillo.cz\/ukamenovani-upaleni-uvezneni-za-sortky-moderni-stredovek\/","datePublished":"2023-05-22","dateModified":"2023-05-22","mainEntityOfPage":"https:\/\/www.tranquillo.cz\/ukamenovani-upaleni-uvezneni-za-sortky-moderni-stredovek\/","author":{"@type":"Person","@id":"https:\/\/www.tranquillo.cz\/author\/#Person","name":"","url":"https:\/\/www.tranquillo.cz\/author\/","identifier":1,"image":{"@type":"ImageObject","@id":"https:\/\/secure.gravatar.com\/avatar\/5667bceccdce92893bac6a7981a373152a8b3fa0ab99c198ba0ac0b49a934248?s=96&d=mm&r=g","url":"https:\/\/secure.gravatar.com\/avatar\/5667bceccdce92893bac6a7981a373152a8b3fa0ab99c198ba0ac0b49a934248?s=96&d=mm&r=g","height":96,"width":96}},"publisher":{"@type":"Organization","name":"tranquillo.cz","logo":{"@type":"ImageObject","@id":"\/logo.png","url":"\/logo.png","width":600,"height":60}},"image":null,"wordCount":483,"keywords":null},{"@type":"Article","@id":"https:\/\/www.tranquillo.cz\/darovano-z-lasky\/","headline":"Darov\u00e1no z l\u00e1sky","url":"https:\/\/www.tranquillo.cz\/darovano-z-lasky\/","datePublished":"2023-05-06","dateModified":"2024-05-08","mainEntityOfPage":"https:\/\/www.tranquillo.cz\/darovano-z-lasky\/","author":{"@type":"Person","@id":"https:\/\/www.tranquillo.cz\/author\/#Person","name":"","url":"https:\/\/www.tranquillo.cz\/author\/","identifier":1,"image":{"@type":"ImageObject","@id":"https:\/\/secure.gravatar.com\/avatar\/5667bceccdce92893bac6a7981a373152a8b3fa0ab99c198ba0ac0b49a934248?s=96&d=mm&r=g","url":"https:\/\/secure.gravatar.com\/avatar\/5667bceccdce92893bac6a7981a373152a8b3fa0ab99c198ba0ac0b49a934248?s=96&d=mm&r=g","height":96,"width":96}},"publisher":{"@type":"Organization","name":"tranquillo.cz","logo":{"@type":"ImageObject","@id":"\/logo.png","url":"\/logo.png","width":600,"height":60}},"image":null,"wordCount":509,"keywords":null}]},{"@context":"https:\/\/schema.org","@type":"WebSite","@id":"https:\/\/www.tranquillo.cz\/#website","name":"Tranquillo","url":"https:\/\/www.tranquillo.cz","potentialAction":{"@type":"SearchAction","target":"https:\/\/www.tranquillo.cz\/?s={search_term_string}","query-input":"required name=search_term_string"}}]