[{"@context":"https:\/\/schema.org\/","@type":"Blog","@id":"https:\/\/www.tranquillo.cz#Blog","headline":"Tranquillo","description":"\nNeuspokojuje v\u00e1s velice n\u00edzk\u00e1 \u00farove\u0148 toho, co se na internetu nab\u00edz\u00ed? Potom zav\u00edtejte na n\u00e1\u0161 web, kter\u00fd si na sv\u00e9 vysok\u00e9 \u00farovni p\u0159\u00edmo zakl\u00e1d\u00e1.","url":"https:\/\/www.tranquillo.cz","hasPart":[{"@type":"Article","@id":"https:\/\/www.tranquillo.cz\/mobilni-domy-male-i-velke-skladem\/","headline":"Mobiln\u00ed domy mal\u00e9 i velk\u00e9 skladem","url":"https:\/\/www.tranquillo.cz\/mobilni-domy-male-i-velke-skladem\/","datePublished":"2021-03-15","dateModified":"2023-05-22","mainEntityOfPage":"https:\/\/www.tranquillo.cz\/mobilni-domy-male-i-velke-skladem\/","author":{"@type":"Person","@id":"https:\/\/www.tranquillo.cz\/author\/#Person","name":"","url":"https:\/\/www.tranquillo.cz\/author\/","identifier":1,"image":{"@type":"ImageObject","@id":"https:\/\/secure.gravatar.com\/avatar\/5667bceccdce92893bac6a7981a373152a8b3fa0ab99c198ba0ac0b49a934248?s=96&d=mm&r=g","url":"https:\/\/secure.gravatar.com\/avatar\/5667bceccdce92893bac6a7981a373152a8b3fa0ab99c198ba0ac0b49a934248?s=96&d=mm&r=g","height":96,"width":96}},"publisher":{"@type":"Organization","name":"tranquillo.cz","logo":{"@type":"ImageObject","@id":"\/logo.png","url":"\/logo.png","width":600,"height":60}},"image":{"@type":"ImageObject","@id":"https:\/\/www.tranquillo.cz\/wp-content\/uploads\/kuchyn%C4%9B.jpeg","url":"https:\/\/www.tranquillo.cz\/wp-content\/uploads\/kuchyn%C4%9B.jpeg","height":0,"width":0},"wordCount":628,"keywords":null},{"@type":"Article","@id":"https:\/\/www.tranquillo.cz\/zarizujete-rekonstruujete-menite-oslovte-bytoveho-designera\/","headline":"Za\u0159izujete, rekonstruujete, m\u011bn\u00edte? Oslovte bytov\u00e9ho design\u00e9ra.","url":"https:\/\/www.tranquillo.cz\/zarizujete-rekonstruujete-menite-oslovte-bytoveho-designera\/","datePublished":"2021-02-22","dateModified":"2023-05-22","mainEntityOfPage":"https:\/\/www.tranquillo.cz\/zarizujete-rekonstruujete-menite-oslovte-bytoveho-designera\/","author":{"@type":"Person","@id":"https:\/\/www.tranquillo.cz\/author\/#Person","name":"","url":"https:\/\/www.tranquillo.cz\/author\/","identifier":1,"image":{"@type":"ImageObject","@id":"https:\/\/secure.gravatar.com\/avatar\/5667bceccdce92893bac6a7981a373152a8b3fa0ab99c198ba0ac0b49a934248?s=96&d=mm&r=g","url":"https:\/\/secure.gravatar.com\/avatar\/5667bceccdce92893bac6a7981a373152a8b3fa0ab99c198ba0ac0b49a934248?s=96&d=mm&r=g","height":96,"width":96}},"publisher":{"@type":"Organization","name":"tranquillo.cz","logo":{"@type":"ImageObject","@id":"\/logo.png","url":"\/logo.png","width":600,"height":60}},"image":{"@type":"ImageObject","@id":"https:\/\/www.tranquillo.cz\/wp-content\/uploads\/spousta%20otazn%C3%ADk%C5%AF.png","url":"https:\/\/www.tranquillo.cz\/wp-content\/uploads\/spousta%20otazn%C3%ADk%C5%AF.png","height":0,"width":0},"wordCount":667,"keywords":null},{"@type":"Article","@id":"https:\/\/www.tranquillo.cz\/vase-telo-bude-vasi-chloubou\/","headline":"Va\u0161e t\u011blo bude va\u0161\u00ed chloubou","url":"https:\/\/www.tranquillo.cz\/vase-telo-bude-vasi-chloubou\/","datePublished":"2021-02-17","dateModified":"2023-05-22","mainEntityOfPage":"https:\/\/www.tranquillo.cz\/vase-telo-bude-vasi-chloubou\/","author":{"@type":"Person","@id":"https:\/\/www.tranquillo.cz\/author\/#Person","name":"","url":"https:\/\/www.tranquillo.cz\/author\/","identifier":1,"image":{"@type":"ImageObject","@id":"https:\/\/secure.gravatar.com\/avatar\/5667bceccdce92893bac6a7981a373152a8b3fa0ab99c198ba0ac0b49a934248?s=96&d=mm&r=g","url":"https:\/\/secure.gravatar.com\/avatar\/5667bceccdce92893bac6a7981a373152a8b3fa0ab99c198ba0ac0b49a934248?s=96&d=mm&r=g","height":96,"width":96}},"publisher":{"@type":"Organization","name":"tranquillo.cz","logo":{"@type":"ImageObject","@id":"\/logo.png","url":"\/logo.png","width":600,"height":60}},"image":{"@type":"ImageObject","@id":"https:\/\/www.tranquillo.cz\/wp-content\/uploads\/Dokonal%C3%A1%20postava.jpg","url":"https:\/\/www.tranquillo.cz\/wp-content\/uploads\/Dokonal%C3%A1%20postava.jpg","height":0,"width":0},"wordCount":831,"keywords":null},{"@type":"Article","@id":"https:\/\/www.tranquillo.cz\/ktera-elektrocentrala-bude-ta-nejlepsi-a-cim-se-pri-vyberu-ridit\/","headline":"Kter\u00e1 elektrocentr\u00e1la bude ta nejlep\u0161\u00ed a \u010d\u00edm se p\u0159i v\u00fdb\u011bru \u0159\u00eddit?","url":"https:\/\/www.tranquillo.cz\/ktera-elektrocentrala-bude-ta-nejlepsi-a-cim-se-pri-vyberu-ridit\/","datePublished":"2021-02-16","dateModified":"2024-02-04","mainEntityOfPage":"https:\/\/www.tranquillo.cz\/ktera-elektrocentrala-bude-ta-nejlepsi-a-cim-se-pri-vyberu-ridit\/","author":{"@type":"Person","@id":"https:\/\/www.tranquillo.cz\/author\/#Person","name":"","url":"https:\/\/www.tranquillo.cz\/author\/","identifier":1,"image":{"@type":"ImageObject","@id":"https:\/\/secure.gravatar.com\/avatar\/5667bceccdce92893bac6a7981a373152a8b3fa0ab99c198ba0ac0b49a934248?s=96&d=mm&r=g","url":"https:\/\/secure.gravatar.com\/avatar\/5667bceccdce92893bac6a7981a373152a8b3fa0ab99c198ba0ac0b49a934248?s=96&d=mm&r=g","height":96,"width":96}},"publisher":{"@type":"Organization","name":"tranquillo.cz","logo":{"@type":"ImageObject","@id":"\/logo.png","url":"\/logo.png","width":600,"height":60}},"image":{"@type":"ImageObject","@id":"https:\/\/www.tranquillo.cz\/wp-content\/uploads\/pexels-photo-257736.jpeg","url":"https:\/\/www.tranquillo.cz\/wp-content\/uploads\/pexels-photo-257736.jpeg","height":0,"width":0},"wordCount":669,"keywords":null},{"@type":"Article","@id":"https:\/\/www.tranquillo.cz\/nezapominejte-na-upravene-nehty\/","headline":"Nezapom\u00ednejte na upraven\u00e9 nehty!","url":"https:\/\/www.tranquillo.cz\/nezapominejte-na-upravene-nehty\/","datePublished":"2020-10-25","dateModified":"2023-05-22","mainEntityOfPage":"https:\/\/www.tranquillo.cz\/nezapominejte-na-upravene-nehty\/","author":{"@type":"Person","@id":"https:\/\/www.tranquillo.cz\/author\/#Person","name":"","url":"https:\/\/www.tranquillo.cz\/author\/","identifier":1,"image":{"@type":"ImageObject","@id":"https:\/\/secure.gravatar.com\/avatar\/5667bceccdce92893bac6a7981a373152a8b3fa0ab99c198ba0ac0b49a934248?s=96&d=mm&r=g","url":"https:\/\/secure.gravatar.com\/avatar\/5667bceccdce92893bac6a7981a373152a8b3fa0ab99c198ba0ac0b49a934248?s=96&d=mm&r=g","height":96,"width":96}},"publisher":{"@type":"Organization","name":"tranquillo.cz","logo":{"@type":"ImageObject","@id":"\/logo.png","url":"\/logo.png","width":600,"height":60}},"image":null,"wordCount":503,"keywords":null},{"@type":"Article","@id":"https:\/\/www.tranquillo.cz\/ojetiny-na-ceskem-trhu\/","headline":"Ojetiny na \u010desk\u00e9m trhu","url":"https:\/\/www.tranquillo.cz\/ojetiny-na-ceskem-trhu\/","datePublished":"2020-10-14","dateModified":"2023-05-22","mainEntityOfPage":"https:\/\/www.tranquillo.cz\/ojetiny-na-ceskem-trhu\/","author":{"@type":"Person","@id":"https:\/\/www.tranquillo.cz\/author\/#Person","name":"","url":"https:\/\/www.tranquillo.cz\/author\/","identifier":1,"image":{"@type":"ImageObject","@id":"https:\/\/secure.gravatar.com\/avatar\/5667bceccdce92893bac6a7981a373152a8b3fa0ab99c198ba0ac0b49a934248?s=96&d=mm&r=g","url":"https:\/\/secure.gravatar.com\/avatar\/5667bceccdce92893bac6a7981a373152a8b3fa0ab99c198ba0ac0b49a934248?s=96&d=mm&r=g","height":96,"width":96}},"publisher":{"@type":"Organization","name":"tranquillo.cz","logo":{"@type":"ImageObject","@id":"\/logo.png","url":"\/logo.png","width":600,"height":60}},"image":{"@type":"ImageObject","@id":"https:\/\/www.tranquillo.cz\/wp-content\/uploads\/img_a279054_w1883_t1602660410.jpg","url":"https:\/\/www.tranquillo.cz\/wp-content\/uploads\/img_a279054_w1883_t1602660410.jpg","height":0,"width":0},"wordCount":565,"keywords":null},{"@type":"Article","@id":"https:\/\/www.tranquillo.cz\/odkazani-na-domov-nudit-se-nemusite\/","headline":"Odk\u00e1zan\u00ed na domov? Nudit se nemus\u00edte","url":"https:\/\/www.tranquillo.cz\/odkazani-na-domov-nudit-se-nemusite\/","datePublished":"2020-10-13","dateModified":"2023-05-22","mainEntityOfPage":"https:\/\/www.tranquillo.cz\/odkazani-na-domov-nudit-se-nemusite\/","author":{"@type":"Person","@id":"https:\/\/www.tranquillo.cz\/author\/#Person","name":"","url":"https:\/\/www.tranquillo.cz\/author\/","identifier":1,"image":{"@type":"ImageObject","@id":"https:\/\/secure.gravatar.com\/avatar\/5667bceccdce92893bac6a7981a373152a8b3fa0ab99c198ba0ac0b49a934248?s=96&d=mm&r=g","url":"https:\/\/secure.gravatar.com\/avatar\/5667bceccdce92893bac6a7981a373152a8b3fa0ab99c198ba0ac0b49a934248?s=96&d=mm&r=g","height":96,"width":96}},"publisher":{"@type":"Organization","name":"tranquillo.cz","logo":{"@type":"ImageObject","@id":"\/logo.png","url":"\/logo.png","width":600,"height":60}},"image":{"@type":"ImageObject","@id":"https:\/\/www.tranquillo.cz\/wp-content\/uploads\/img_a336816_w2352_t1550080707.jpg","url":"https:\/\/www.tranquillo.cz\/wp-content\/uploads\/img_a336816_w2352_t1550080707.jpg","height":0,"width":0},"wordCount":591,"keywords":null},{"@type":"Article","@id":"https:\/\/www.tranquillo.cz\/sladka-mochyne-v-kuchyni\/","headline":"Sladk\u00e1 mochyn\u011b v kuchyni","url":"https:\/\/www.tranquillo.cz\/sladka-mochyne-v-kuchyni\/","datePublished":"2020-10-11","dateModified":"2023-05-22","mainEntityOfPage":"https:\/\/www.tranquillo.cz\/sladka-mochyne-v-kuchyni\/","author":{"@type":"Person","@id":"https:\/\/www.tranquillo.cz\/author\/#Person","name":"","url":"https:\/\/www.tranquillo.cz\/author\/","identifier":1,"image":{"@type":"ImageObject","@id":"https:\/\/secure.gravatar.com\/avatar\/5667bceccdce92893bac6a7981a373152a8b3fa0ab99c198ba0ac0b49a934248?s=96&d=mm&r=g","url":"https:\/\/secure.gravatar.com\/avatar\/5667bceccdce92893bac6a7981a373152a8b3fa0ab99c198ba0ac0b49a934248?s=96&d=mm&r=g","height":96,"width":96}},"publisher":{"@type":"Organization","name":"tranquillo.cz","logo":{"@type":"ImageObject","@id":"\/logo.png","url":"\/logo.png","width":600,"height":60}},"image":{"@type":"ImageObject","@id":"https:\/\/www.tranquillo.cz\/wp-content\/uploads\/physalis-3559180_960_720.jpg","url":"https:\/\/www.tranquillo.cz\/wp-content\/uploads\/physalis-3559180_960_720.jpg","height":0,"width":0},"wordCount":633,"keywords":null},{"@type":"Article","@id":"https:\/\/www.tranquillo.cz\/na-otocku-k-mori\/","headline":"Na oto\u010dku k mo\u0159i","url":"https:\/\/www.tranquillo.cz\/na-otocku-k-mori\/","datePublished":"2020-09-20","dateModified":"2023-05-22","mainEntityOfPage":"https:\/\/www.tranquillo.cz\/na-otocku-k-mori\/","author":{"@type":"Person","@id":"https:\/\/www.tranquillo.cz\/author\/#Person","name":"","url":"https:\/\/www.tranquillo.cz\/author\/","identifier":1,"image":{"@type":"ImageObject","@id":"https:\/\/secure.gravatar.com\/avatar\/5667bceccdce92893bac6a7981a373152a8b3fa0ab99c198ba0ac0b49a934248?s=96&d=mm&r=g","url":"https:\/\/secure.gravatar.com\/avatar\/5667bceccdce92893bac6a7981a373152a8b3fa0ab99c198ba0ac0b49a934248?s=96&d=mm&r=g","height":96,"width":96}},"publisher":{"@type":"Organization","name":"tranquillo.cz","logo":{"@type":"ImageObject","@id":"\/logo.png","url":"\/logo.png","width":600,"height":60}},"image":{"@type":"ImageObject","@id":"https:\/\/www.tranquillo.cz\/wp-content\/uploads\/img_a306812_w2030_t1518029090.jpg","url":"https:\/\/www.tranquillo.cz\/wp-content\/uploads\/img_a306812_w2030_t1518029090.jpg","height":0,"width":0},"wordCount":465,"keywords":null},{"@type":"Article","@id":"https:\/\/www.tranquillo.cz\/perfektni-ubytovani-i-ceny\/","headline":"Perfektn\u00ed ubytov\u00e1n\u00ed i ceny","url":"https:\/\/www.tranquillo.cz\/perfektni-ubytovani-i-ceny\/","datePublished":"2020-05-17","dateModified":"2023-05-22","mainEntityOfPage":"https:\/\/www.tranquillo.cz\/perfektni-ubytovani-i-ceny\/","author":{"@type":"Person","@id":"https:\/\/www.tranquillo.cz\/author\/#Person","name":"","url":"https:\/\/www.tranquillo.cz\/author\/","identifier":1,"image":{"@type":"ImageObject","@id":"https:\/\/secure.gravatar.com\/avatar\/5667bceccdce92893bac6a7981a373152a8b3fa0ab99c198ba0ac0b49a934248?s=96&d=mm&r=g","url":"https:\/\/secure.gravatar.com\/avatar\/5667bceccdce92893bac6a7981a373152a8b3fa0ab99c198ba0ac0b49a934248?s=96&d=mm&r=g","height":96,"width":96}},"publisher":{"@type":"Organization","name":"tranquillo.cz","logo":{"@type":"ImageObject","@id":"\/logo.png","url":"\/logo.png","width":600,"height":60}},"image":{"@type":"ImageObject","@id":"https:\/\/www.tranquillo.cz\/wp-content\/uploads\/ubytov%C3%A1n%C3%AD%20v%20Praze.jpg","url":"https:\/\/www.tranquillo.cz\/wp-content\/uploads\/ubytov%C3%A1n%C3%AD%20v%20Praze.jpg","height":0,"width":0},"wordCount":784,"keywords":null}]},{"@context":"https:\/\/schema.org","@type":"WebSite","@id":"https:\/\/www.tranquillo.cz\/#website","name":"Tranquillo","url":"https:\/\/www.tranquillo.cz","potentialAction":{"@type":"SearchAction","target":"https:\/\/www.tranquillo.cz\/?s={search_term_string}","query-input":"required name=search_term_string"}}]