{"@context":"https:\/\/schema.org\/","@type":"CollectionPage","@id":"https:\/\/www.tranquillo.cz\/kultura\/#CollectionPage","headline":"Kultura Category","description":"","url":"https:\/\/www.tranquillo.cz\/kultura\/","hasPart":[{"@type":"Article","@id":"https:\/\/www.tranquillo.cz\/jedny-z-nejvlivnejsich-knih-21-stoleti\/","headline":"Jedny z nejvlivn\u011bj\u0161\u00edch knih 21. stolet\u00ed","url":"https:\/\/www.tranquillo.cz\/jedny-z-nejvlivnejsich-knih-21-stoleti\/","datePublished":"2024-06-27","dateModified":"2024-06-27","mainEntityOfPage":"https:\/\/www.tranquillo.cz\/jedny-z-nejvlivnejsich-knih-21-stoleti\/","author":{"@type":"Person","@id":"https:\/\/www.tranquillo.cz\/author\/#Person","name":"","url":"https:\/\/www.tranquillo.cz\/author\/","identifier":1,"image":{"@type":"ImageObject","@id":"https:\/\/secure.gravatar.com\/avatar\/5667bceccdce92893bac6a7981a373152a8b3fa0ab99c198ba0ac0b49a934248?s=96&d=mm&r=g","url":"https:\/\/secure.gravatar.com\/avatar\/5667bceccdce92893bac6a7981a373152a8b3fa0ab99c198ba0ac0b49a934248?s=96&d=mm&r=g","height":96,"width":96}},"publisher":{"@type":"Organization","name":"tranquillo.cz","logo":{"@type":"ImageObject","@id":"\/logo.png","url":"\/logo.png","width":600,"height":60}},"image":{"@type":"ImageObject","@id":"https:\/\/www.tranquillo.cz\/wp-content\/uploads\/tuyen-vo-tS-jh0M6JoA-unsplash.jpg","url":"https:\/\/www.tranquillo.cz\/wp-content\/uploads\/tuyen-vo-tS-jh0M6JoA-unsplash.jpg","height":0,"width":0},"keywords":null},{"@type":"Article","@id":"https:\/\/www.tranquillo.cz\/zajimava-kultura\/","headline":"Zaj\u00edmav\u00e1 kultura","url":"https:\/\/www.tranquillo.cz\/zajimava-kultura\/","datePublished":"2024-05-17","dateModified":"2024-05-17","mainEntityOfPage":"https:\/\/www.tranquillo.cz\/zajimava-kultura\/","author":{"@type":"Person","@id":"https:\/\/www.tranquillo.cz\/author\/#Person","name":"","url":"https:\/\/www.tranquillo.cz\/author\/","identifier":1,"image":{"@type":"ImageObject","@id":"https:\/\/secure.gravatar.com\/avatar\/5667bceccdce92893bac6a7981a373152a8b3fa0ab99c198ba0ac0b49a934248?s=96&d=mm&r=g","url":"https:\/\/secure.gravatar.com\/avatar\/5667bceccdce92893bac6a7981a373152a8b3fa0ab99c198ba0ac0b49a934248?s=96&d=mm&r=g","height":96,"width":96}},"publisher":{"@type":"Organization","name":"tranquillo.cz","logo":{"@type":"ImageObject","@id":"\/logo.png","url":"\/logo.png","width":600,"height":60}},"image":{"@type":"ImageObject","@id":"https:\/\/www.tranquillo.cz\/wp-content\/uploads\/neuschwanstein-701732_1280.jpg","url":"https:\/\/www.tranquillo.cz\/wp-content\/uploads\/neuschwanstein-701732_1280.jpg","height":0,"width":0},"keywords":null},{"@type":"Article","@id":"https:\/\/www.tranquillo.cz\/jizni-morava-ma-k-dispozici-nejen-kvalitni-vino\/","headline":"Ji\u017en\u00ed Morava m\u00e1 k dispozici nejen kvalitn\u00ed v\u00edno","url":"https:\/\/www.tranquillo.cz\/jizni-morava-ma-k-dispozici-nejen-kvalitni-vino\/","datePublished":"2019-03-23","dateModified":"2024-06-18","mainEntityOfPage":"https:\/\/www.tranquillo.cz\/jizni-morava-ma-k-dispozici-nejen-kvalitni-vino\/","author":{"@type":"Person","@id":"https:\/\/www.tranquillo.cz\/author\/#Person","name":"","url":"https:\/\/www.tranquillo.cz\/author\/","identifier":1,"image":{"@type":"ImageObject","@id":"https:\/\/secure.gravatar.com\/avatar\/5667bceccdce92893bac6a7981a373152a8b3fa0ab99c198ba0ac0b49a934248?s=96&d=mm&r=g","url":"https:\/\/secure.gravatar.com\/avatar\/5667bceccdce92893bac6a7981a373152a8b3fa0ab99c198ba0ac0b49a934248?s=96&d=mm&r=g","height":96,"width":96}},"publisher":{"@type":"Organization","name":"tranquillo.cz","logo":{"@type":"ImageObject","@id":"\/logo.png","url":"\/logo.png","width":600,"height":60}},"image":{"@type":"ImageObject","@id":"https:\/\/www.tranquillo.cz\/wp-content\/uploads\/img_a344746_w1693_t1558597260.jpg","url":"https:\/\/www.tranquillo.cz\/wp-content\/uploads\/img_a344746_w1693_t1558597260.jpg","height":0,"width":0},"keywords":null},{"@type":"Article","@id":"https:\/\/www.tranquillo.cz\/zazitek-na-ktery-se-nezapomina\/","headline":"Z\u00e1\u017eitek, na kter\u00fd se nezapom\u00edn\u00e1","url":"https:\/\/www.tranquillo.cz\/zazitek-na-ktery-se-nezapomina\/","datePublished":"2018-04-02","dateModified":"2023-05-22","mainEntityOfPage":"https:\/\/www.tranquillo.cz\/zazitek-na-ktery-se-nezapomina\/","author":{"@type":"Person","@id":"https:\/\/www.tranquillo.cz\/author\/#Person","name":"","url":"https:\/\/www.tranquillo.cz\/author\/","identifier":1,"image":{"@type":"ImageObject","@id":"https:\/\/secure.gravatar.com\/avatar\/5667bceccdce92893bac6a7981a373152a8b3fa0ab99c198ba0ac0b49a934248?s=96&d=mm&r=g","url":"https:\/\/secure.gravatar.com\/avatar\/5667bceccdce92893bac6a7981a373152a8b3fa0ab99c198ba0ac0b49a934248?s=96&d=mm&r=g","height":96,"width":96}},"publisher":{"@type":"Organization","name":"tranquillo.cz","logo":{"@type":"ImageObject","@id":"\/logo.png","url":"\/logo.png","width":600,"height":60}},"image":{"@type":"ImageObject","@id":"https:\/\/www.tranquillo.cz\/wp-content\/uploads\/img_a314858_w2423_t1525876248.jpg","url":"https:\/\/www.tranquillo.cz\/wp-content\/uploads\/img_a314858_w2423_t1525876248.jpg","height":0,"width":0},"keywords":null}]}