[{"@context":"https:\/\/schema.org\/","@type":"Article","@id":"https:\/\/www.tranquillo.cz\/digitalni-dan-bude-cilit-na-velke-weby\/#Article","mainEntityOfPage":"https:\/\/www.tranquillo.cz\/digitalni-dan-bude-cilit-na-velke-weby\/","headline":"Digit\u00e1ln\u00ed da\u0148 bude c\u00edlit na velk\u00e9 weby","name":"Digit\u00e1ln\u00ed da\u0148 bude c\u00edlit na velk\u00e9 weby","description":"Zd\u00e1 se, \u017ee dokonce u\u017e i internetov\u00e9 slu\u017eby budou podl\u00e9hat odvodu do st\u00e1tn\u00edho rozpo\u010dtu. Vl\u00e1da jedn\u00e1 o zaveden\u00ed jednotn\u00e9 digit\u00e1ln\u00ed dan\u011b. Jej\u00ed v\u00fd\u0161e by m\u011bla b\u00fdt sedm procent a zac\u00edlen\u00e1 bude pouze na skute\u010dn\u011b velk\u00e9 webov\u00e9 str\u00e1nky, kter\u00e9 maj\u00ed stovky tis\u00edc u\u017eivatel\u016f. Pokud tedy vlastn\u00edte b\u011b\u017en\u00fd blog, web \u010di e-shop, nemus\u00edte m\u00edt obavy z toho, [&hellip;]","datePublished":"2020-01-18","dateModified":"2023-05-22","author":{"@type":"Person","@id":"https:\/\/www.tranquillo.cz\/author\/#Person","name":"","url":"https:\/\/www.tranquillo.cz\/author\/","identifier":1,"image":{"@type":"ImageObject","@id":"https:\/\/secure.gravatar.com\/avatar\/5667bceccdce92893bac6a7981a373152a8b3fa0ab99c198ba0ac0b49a934248?s=96&d=mm&r=g","url":"https:\/\/secure.gravatar.com\/avatar\/5667bceccdce92893bac6a7981a373152a8b3fa0ab99c198ba0ac0b49a934248?s=96&d=mm&r=g","height":96,"width":96}},"publisher":{"@type":"Organization","name":"tranquillo.cz","logo":{"@type":"ImageObject","@id":"\/logo.png","url":"\/logo.png","width":600,"height":60}},"image":{"@type":"ImageObject","@id":"https:\/\/www.tranquillo.cz\/wp-content\/uploads\/img_a354861_w3212_t1569341280.jpg","url":"https:\/\/www.tranquillo.cz\/wp-content\/uploads\/img_a354861_w3212_t1569341280.jpg","height":0,"width":0},"url":"https:\/\/www.tranquillo.cz\/digitalni-dan-bude-cilit-na-velke-weby\/","about":["N\u00e1kupy"],"wordCount":406,"articleBody":" Zd\u00e1 se, \u017ee dokonce u\u017e i internetov\u00e9 slu\u017eby budou podl\u00e9hat odvodu do st\u00e1tn\u00edho rozpo\u010dtu. Vl\u00e1da jedn\u00e1 o zaveden\u00ed jednotn\u00e9 digit\u00e1ln\u00ed dan\u011b. Jej\u00ed v\u00fd\u0161e by m\u011bla b\u00fdt sedm procent a zac\u00edlen\u00e1 bude pouze na skute\u010dn\u011b velk\u00e9 webov\u00e9 str\u00e1nky, kter\u00e9 maj\u00ed stovky tis\u00edc u\u017eivatel\u016f. Pokud tedy vlastn\u00edte b\u011b\u017en\u00fd blog, web \u010di e-shop, nemus\u00edte m\u00edt obavy z toho, \u017ee byste museli st\u00e1tu platit za to, \u017ee jste online.&#13; &#13; &#13; &#13; Kdo bude finance odv\u00e1d\u011bt?&#13; &#13; M\u00e1me \u0161t\u011bst\u00ed, proto\u017ee toto ur\u010dit\u00e9 finan\u010dn\u00ed omezen\u00ed bude platit pouze pro ty, kte\u0159\u00ed spln\u00ed ur\u010dit\u00e9 podm\u00ednky. U reklamn\u00edch kampan\u00ed a poskytov\u00e1n\u00ed osobn\u00edch dat o u\u017eivatel\u00edch je hranice minim\u00e1ln\u011b p\u011bt milion\u016f korun obratu za rok. V p\u0159\u00edpad\u011b mnohostrann\u00e9ho rozhran\u00ed se to bude poskytovatele slu\u017eby t\u00fdkat pouze v p\u0159\u00edpad\u011b, \u017ee bude m\u00edt registrovan\u00fdch v\u00edce jak 200 tis\u00edc u\u017eivatel\u016f.&#13; &#13; &#13; &#13; Hranice ministerstvo ur\u010dilo z d\u016fvodu ochrany poskytovatel\u016f, kte\u0159\u00ed neu\u017e\u00edvaj\u00ed online prostor jako hlavn\u00ed \u010dinnost. Anebo firmy, kter\u00e9 nemaj\u00ed tak vysok\u00e9 obraty a uvalen\u00ed dan\u011b na jejich podnik\u00e1n\u00ed by jim neprosp\u011blo. Naopak by je sp\u00ed\u0161 odradilo od pokra\u010dov\u00e1n\u00ed.&#13; &#13; &#13; &#13; Hlavn\u00ed d\u016fvod n\u00e1vrhu&#13; &#13; \u010cesk\u00fdm z\u00e1konod\u00e1rc\u016fm se nel\u00edbilo, \u017ee lok\u00e1ln\u00ed firmy jsou povinni platit odvody, zat\u00edmco poskytovatel\u00e9 internetov\u00fdch slu\u017eeb je neplat\u00ed. Online giganti p\u0159itom vyd\u011bl\u00e1vaj\u00ed ro\u010dn\u011b miliony. Politici by cht\u011bli vyrovnat sou\u010dasnou nerovnov\u00e1hu, a pr\u00e1v\u011b proto p\u0159i\u0161li s n\u00e1vrhem na tento nev\u0161edn\u00ed finan\u010dn\u00ed odvod do st\u00e1tn\u00edho rozpo\u010dtu.&#13; &#13; &#13; &#13; Kdy to za\u010dne?&#13; &#13; Po\u010d\u00e1tek \u00fa\u010dinnosti z\u00e1kona je pochopiteln\u011b odv\u00edj\u00ed od toho, jak dlouho bude trvat legislativn\u00ed proces. Pokud bude n\u00e1vrh je\u0161t\u011b proch\u00e1zet zm\u011bnami a \u00fapravami, m\u016f\u017ee se v\u0161e prot\u00e1hnout. Pl\u00e1novan\u00fd za\u010d\u00e1tek by ale m\u011bl nastat v polovin\u011b p\u0159\u00ed\u0161t\u00edho roku.&#13; &#13; &#13; &#13; P\u0159ed\u010dasn\u011b vykalkulovan\u00fd ro\u010dn\u00ed v\u00fdnos z digit\u00e1ln\u00ed dan\u011b za rok 2020 je vy\u010d\u00edslen na 2,1 miliardy korun. V n\u00e1sleduj\u00edc\u00edch letech by se \u010d\u00e1stka mohla vy\u0161plhat a\u017e na p\u011bt miliard korun. To je do st\u00e1tn\u00edho rozpo\u010dtu velk\u00fd p\u0159\u00ednos. Jak ho vl\u00e1da vyu\u017eije, to se m\u016f\u017eeme jen dom\u00fd\u0161let.&#13;                                                                                                                                                                                                                                                                                                                                                                                         3.8\/5 - (10 votes)        "},{"@context":"https:\/\/schema.org\/","@type":"BreadcrumbList","itemListElement":[{"@type":"ListItem","position":1,"name":"Digit\u00e1ln\u00ed da\u0148 bude c\u00edlit na velk\u00e9 weby","item":"https:\/\/www.tranquillo.cz\/digitalni-dan-bude-cilit-na-velke-weby\/#breadcrumbitem"}]}]