[{"@context":"https:\/\/schema.org\/","@type":"Article","@id":"https:\/\/www.tranquillo.cz\/co-koupit-na-sezeni-do-obyvaku\/#Article","mainEntityOfPage":"https:\/\/www.tranquillo.cz\/co-koupit-na-sezeni-do-obyvaku\/","headline":"Co koupit na sezen\u00ed do ob\u00fdv\u00e1ku?","name":"Co koupit na sezen\u00ed do ob\u00fdv\u00e1ku?","description":"Je pravdou, \u017ee v byt\u011b, respektive v dom\u011b, jsou mnohem d\u016fle\u017eit\u011bj\u0161\u00ed m\u00edstnosti, ale na vybaven\u00ed ob\u00fdvac\u00edho pokoje n\u00e1m z\u00e1le\u017e\u00ed tak n\u011bjak nejv\u00edce. Jedn\u00e1 se toti\u017e o tu nejreprezentativn\u011bj\u0161\u00ed \u010d\u00e1st ka\u017ed\u00e9ho bytu a podle toho by tak m\u011bla tato m\u00edstnost vypadat. A nejde jen o vizu\u00e1ln\u00ed str\u00e1nku v\u011bci, i kdy\u017e tu nen\u00ed vhodn\u00e9 \u00fapln\u011b opomenout, ale [&hellip;]","datePublished":"2020-01-16","dateModified":"2023-05-22","author":{"@type":"Person","@id":"https:\/\/www.tranquillo.cz\/author\/#Person","name":"","url":"https:\/\/www.tranquillo.cz\/author\/","identifier":1,"image":{"@type":"ImageObject","@id":"https:\/\/secure.gravatar.com\/avatar\/5667bceccdce92893bac6a7981a373152a8b3fa0ab99c198ba0ac0b49a934248?s=96&d=mm&r=g","url":"https:\/\/secure.gravatar.com\/avatar\/5667bceccdce92893bac6a7981a373152a8b3fa0ab99c198ba0ac0b49a934248?s=96&d=mm&r=g","height":96,"width":96}},"publisher":{"@type":"Organization","name":"tranquillo.cz","logo":{"@type":"ImageObject","@id":"\/logo.png","url":"\/logo.png","width":600,"height":60}},"image":{"@type":"ImageObject","@id":"https:\/\/www.tranquillo.cz\/wp-content\/uploads\/img_a355475_w3143_t1569740691.jpg","url":"https:\/\/www.tranquillo.cz\/wp-content\/uploads\/img_a355475_w3143_t1569740691.jpg","height":0,"width":0},"url":"https:\/\/www.tranquillo.cz\/co-koupit-na-sezeni-do-obyvaku\/","about":["D\u016fm a byt"],"wordCount":428,"articleBody":" Je pravdou, \u017ee v byt\u011b, respektive v dom\u011b, jsou mnohem d\u016fle\u017eit\u011bj\u0161\u00ed m\u00edstnosti, ale na vybaven\u00ed ob\u00fdvac\u00edho pokoje n\u00e1m z\u00e1le\u017e\u00ed tak n\u011bjak nejv\u00edce. Jedn\u00e1 se toti\u017e o tu nejreprezentativn\u011bj\u0161\u00ed \u010d\u00e1st ka\u017ed\u00e9ho bytu a podle toho by tak m\u011bla tato m\u00edstnost vypadat. A nejde jen o vizu\u00e1ln\u00ed str\u00e1nku v\u011bci, i kdy\u017e tu nen\u00ed vhodn\u00e9 \u00fapln\u011b opomenout, ale mnohem d\u016fle\u017eit\u011bj\u0161\u00ed je zam\u011b\u0159it se na funk\u010dnost. To plat\u00ed hlavn\u011b pro seda\u010dky a pohovky, kter\u00e9 by m\u011bly, co se t\u00fd\u010de vzhledu ladit s okol\u00edm, ale rovn\u011b\u017e b\u00fdt i pohodln\u00e9 a v neposledn\u00ed \u0159ad\u011b by m\u011bly m\u00edt i n\u011bjakou p\u0159idanou hodnotu nav\u00edc.&#13; Mezi takov\u00e9ho pohovky se bezpochyby \u0159ad\u00ed i rozkl\u00e1dac\u00ed gau\u010de, kter\u00e9 dok\u00e1\u017e\u00ed pot\u011b\u0161it nejen sv\u00fdm vzhledem a jsou i dostate\u010dn\u011b pohodln\u00e9, ale z\u00e1rove\u0148 maj\u00ed i n\u011bco nav\u00edc. A t\u00edm n\u011b\u010d\u00edm je schopnost rozlo\u017eit se do podoby postele. K \u010demu by v\u00e1m takov\u00fd transformer doma byl, pt\u00e1te se? Inu, ne ka\u017ed\u00fd m\u00e1 top \u0161t\u011bst\u00ed a bydl\u00ed ve velk\u00e9m byt\u011b. Rozkl\u00e1dac\u00ed pohovka tak m\u016f\u017ee suplovat klasickou postel a p\u0159\u00edpadn\u00e1 lo\u017enice se pak d\u00e1 vyu\u017e\u00edt t\u0159eba jako d\u011btsk\u00fd pokoj\u00ed\u010dek nebo pracovna. Ov\u0161em tento typ n\u00e1bytku m\u016f\u017eete vyu\u017e\u00edt i kdy\u017e m\u00e1te bydlen\u00ed dostate\u010dn\u011b prostorn\u00e9 a z lo\u017enice se za \u017e\u00e1dnou cenu st\u011bhovat nechcete. Rozkl\u00e1dac\u00ed gau\u010d m\u016f\u017ee fungovat jako provizorn\u00ed postel pro n\u00e1v\u0161t\u011bvy. Kdy\u017e p\u0159ijede t\u0159eba takov\u00fd str\u00fd\u010dek z N\u011bmecka, p\u0159eci ho nevyhod\u00edte sp\u00e1t do hotelu, p\u0159\u00edpadn\u011b ho nenech\u00e1te sp\u00e1t na zemi. Rozlo\u017een\u00e9 pohovka je rozhodn\u011b lep\u0161\u00edm \u0159e\u0161en\u00edm, kter\u00e9 uv\u00edtaj\u00ed v\u0161echny z\u00fa\u010dastn\u011bn\u00e9 strany.&#13; Dbejte na kvalitu&#13; Vzhledem k tomu, \u017ee se rozkl\u00e1dac\u00ed gau\u010de pou\u017e\u00edvaj\u00ed v daleko v\u011bt\u0161\u00ed m\u00ed\u0159e ne\u017e norm\u00e1ln\u00ed modely, ke zde je\u0161t\u011b mnohem v\u00edce d\u016fle\u017eit\u00e9 db\u00e1t na kvalitu proveden\u00ed i materi\u00e1l\u016f. P\u0159eci jen, kdy\u017e budete na pohovce p\u0159es den sed\u011bt a v noci pak sp\u00e1t, dostane po\u0159\u00e1dn\u011b zabrat. Aby v\u00e1m pak vydr\u017eela dob\u0159e slou\u017eit co nejd\u00e9le, ne\u0161et\u0159ete a po\u0159i\u010fte si takovou, kter\u00e1 n\u011bco vydr\u017e\u00ed. Vynalo\u017een\u00e9 pen\u00edze nav\u00edc se v\u00e1m ur\u010dit\u011b bohat\u011b vr\u00e1t\u00ed.                                                                                                                                                                                                                                                                                                                                                                                        4.7\/5 - (6 votes)        "},{"@context":"https:\/\/schema.org\/","@type":"BreadcrumbList","itemListElement":[{"@type":"ListItem","position":1,"name":"Co koupit na sezen\u00ed do ob\u00fdv\u00e1ku?","item":"https:\/\/www.tranquillo.cz\/co-koupit-na-sezeni-do-obyvaku\/#breadcrumbitem"}]}]