[{"@context":"https:\/\/schema.org\/","@type":"Article","@id":"https:\/\/www.tranquillo.cz\/aby-vase-duse-byla-cista-a-klidna\/#Article","mainEntityOfPage":"https:\/\/www.tranquillo.cz\/aby-vase-duse-byla-cista-a-klidna\/","headline":"Aby va\u0161e du\u0161e byla \u010dist\u00e1 a klidn\u00e1","name":"Aby va\u0161e du\u0161e byla \u010dist\u00e1 a klidn\u00e1","description":"Ka\u017ed\u00fd z v\u00e1s si m\u016f\u017ee sv\u016fj \u017eivot v\u00e9st dle sv\u00e9ho uv\u00e1\u017een\u00ed a zvolit si cestu, kter\u00e1 pro n\u011bho bude napl\u0148uj\u00edc\u00ed do takov\u00e9 m\u00edry, \u017ee mu p\u0159inese pocit \u0161t\u011bst\u00ed a smyslu \u017eivota. Pro klid v du\u0161i si v\u0161ak mus\u00edte j\u00edt naproti, nikoli \u010dekat na to, a\u017e v\u00e1m tato duchovn\u00ed vz\u00e1cnost padne do ruky. Jste tak\u00e9 p\u0159esv\u011bd\u010deni [&hellip;]","datePublished":"2018-06-11","dateModified":"2023-05-22","author":{"@type":"Person","@id":"https:\/\/www.tranquillo.cz\/author\/#Person","name":"","url":"https:\/\/www.tranquillo.cz\/author\/","identifier":1,"image":{"@type":"ImageObject","@id":"https:\/\/secure.gravatar.com\/avatar\/5667bceccdce92893bac6a7981a373152a8b3fa0ab99c198ba0ac0b49a934248?s=96&d=mm&r=g","url":"https:\/\/secure.gravatar.com\/avatar\/5667bceccdce92893bac6a7981a373152a8b3fa0ab99c198ba0ac0b49a934248?s=96&d=mm&r=g","height":96,"width":96}},"publisher":{"@type":"Organization","name":"tranquillo.cz","logo":{"@type":"ImageObject","@id":"\/logo.png","url":"\/logo.png","width":600,"height":60}},"image":{"@type":"ImageObject","@id":"https:\/\/www.tranquillo.cz\/wp-content\/uploads\/img_a320525_w1791_t1531813797.jpg","url":"https:\/\/www.tranquillo.cz\/wp-content\/uploads\/img_a320525_w1791_t1531813797.jpg","height":0,"width":0},"url":"https:\/\/www.tranquillo.cz\/aby-vase-duse-byla-cista-a-klidna\/","wordCount":485,"articleBody":"Ka\u017ed\u00fd z v\u00e1s si m\u016f\u017ee sv\u016fj \u017eivot v\u00e9st dle sv\u00e9ho uv\u00e1\u017een\u00ed a zvolit si cestu, kter\u00e1 pro n\u011bho bude napl\u0148uj\u00edc\u00ed do takov\u00e9 m\u00edry, \u017ee mu p\u0159inese pocit \u0161t\u011bst\u00ed a smyslu \u017eivota. Pro klid v du\u0161i si v\u0161ak mus\u00edte j\u00edt naproti, nikoli \u010dekat na to, a\u017e v\u00e1m tato duchovn\u00ed vz\u00e1cnost padne do ruky. Jste tak\u00e9 p\u0159esv\u011bd\u010deni o tom, \u017ee sv\u016fj \u017eivot m\u016f\u017eete pro\u017e\u00edt s l\u00e1skou a sluncem v du\u0161i? Bezpochyby to mo\u017en\u00e9 je! 1 SM\u00cdCH V\u00c1M P\u0158INESE HARMONII Oby\u010dejn\u00e1 a \u010dasto praktikovan\u00e1 v\u011bc, jakou je lidsk\u00fd sm\u00edch je nesm\u00edrn\u011b velkou n\u00e1plast\u00ed na v\u0161echnu bolest. Sm\u00e1t byste se m\u011bli n\u011bkolikr\u00e1t denn\u011b, a to ka\u017ed\u00fd jeden den. \u00dasm\u011bv va\u0161emu t\u011blu a va\u0161emu nitru dod\u00e1 energii, kouzeln\u011bj\u0161\u00ed pohled na sv\u011bt a harmonii v \u017eivot\u011b, d\u00edky kter\u00e9 pozn\u00e1te to, jak kr\u00e1sn\u00e9 je na sv\u011bt\u011b \u017e\u00edt. Praktikovat ho m\u016f\u017eete p\u0159i jak\u00e9koliv situaci, a\u0165 u\u017e je pozitivn\u00ed nebo ne.I nad \u0161patnou v\u011bc\u00ed se m\u016f\u017eete zasm\u00e1t a nejen proto se \u0159\u00edk\u00e1, \u017ee nic nen\u00ed tak zl\u00e9, aby v\u00e1m to nevyneslo koutky rt\u016f alespo\u0148 kousek nahoru. 2 MEDITACE JE PRO STAV T\u00cdHY NEJ\u00da\u010cINN\u011aJ\u0160\u00cd J\u00edst \u2013 meditovat \u2013 milovat. To se nejen \u0159\u00edk\u00e1, ale i praktikuje v mnoha zem\u00edch, kter\u00e9 to pova\u017euj\u00ed za \u017eivotn\u00ed motto a konec konc\u016f i posl\u00e1n\u00ed a smysl byt\u00ed. Meditac\u00ed se \u010dlov\u011bk dostane do stavu bezstarostn\u00ed bytosti, kter\u00e1 vn\u00edm\u00e1 jen ticho a pro\u017e\u00edv\u00e1 vnit\u0159n\u00ed pohodu ze sebe samotn\u00e9, ale i ze sv\u011bta, ve kter\u00e9m \u017eije. Praktikovat ji m\u016f\u017eete kdykoliv a na jak\u00e9mkoliv m\u00edst\u011b. V p\u0159\u00edpad\u011b hlub\u0161\u00edho pozn\u00e1n\u00ed se zapi\u0161t\u011b do kurz\u016f, kter\u00e9 se specializuj\u00ed na duchovno a jeho podstatu. P\u0159isp\u011bt v\u00e1m k tomu m\u016f\u017ee pomoci i j\u00f3ga, kter\u00e9 my\u0161lenkou nen\u00ed jen cvi\u010dit, ale i rozj\u00edmat. 3 UM\u011aN\u00cdM ZE SEBE \u010cLOV\u011aK VYD\u00c1 MAXIMUM B\u00fdt obdarov\u00e1n n\u011bjakou zru\u010dnost\u00ed nebo schopnost\u00ed, kter\u00e1 se za\u0159azuje do um\u011bleck\u00e9 sf\u00e9ry je n\u011bco, co nesm\u00edte dr\u017eet v sob\u011b, ale vydat na povrch. M\u00e1te um\u011bleck\u00e9 nad\u00e1n\u00ed? Malujete, p\u00ed\u0161ete, modelujete? Pro\u010d se d\u00edky um\u011bn\u00ed nedostat do statusu \u010dlov\u011bka, kter\u00fd pochopil, \u017ee ke \u0161t\u011bst\u00ed a vn\u00edm\u00e1n\u00ed v\u0161eho dobra na sv\u011bt\u011b, sta\u010d\u00ed tak m\u00e1lo?Bu\u010fte skromn\u00ed a tvo\u0159te hlavn\u011b pro sebe, proto\u017ee jedin\u011b tak doc\u00edl\u00edte toho, \u017ee v\u00e1m va\u0161e charisma a c\u00edl, kter\u00fd v\u00e1s k tomu vede, nebude moct nikdo vz\u00edt a zni\u010dit sv\u00fdm negativn\u00edm my\u0161len\u00edm.                                                                                                                                                                                                                                                                                                                                                                                        4.4\/5 - (10 votes)        "},{"@context":"https:\/\/schema.org\/","@type":"BreadcrumbList","itemListElement":[{"@type":"ListItem","position":1,"name":"Aby va\u0161e du\u0161e byla \u010dist\u00e1 a klidn\u00e1","item":"https:\/\/www.tranquillo.cz\/aby-vase-duse-byla-cista-a-klidna\/#breadcrumbitem"}]}]